{"id":65659,"date":"2025-12-02T10:33:32","date_gmt":"2025-12-02T09:33:32","guid":{"rendered":"https:\/\/sw-machines.com\/blog\/siedziba-glowna-suzhou-faza-ii-zainaugurowana\/"},"modified":"2025-12-02T10:34:06","modified_gmt":"2025-12-02T09:34:06","slug":"siedziba-glowna-suzhou-faza-ii-zainaugurowana","status":"publish","type":"post","link":"https:\/\/sw-machines.com\/pl\/blog\/siedziba-glowna-suzhou-faza-ii-zainaugurowana\/","title":{"rendered":"SIEDZIBA G\u0141\u00d3WNA SUZHOU FAZA II ZAINAUGUROWANA"},"content":{"rendered":"<div class=\"fusion-fullwidth fullwidth-box fusion-builder-row-1 fusion-flex-container nonhundred-percent-fullwidth non-hundred-percent-height-scrolling\" style=\"--awb-border-radius-top-left:0px;--awb-border-radius-top-right:0px;--awb-border-radius-bottom-right:0px;--awb-border-radius-bottom-left:0px;--awb-flex-wrap:wrap;\" ><div class=\"fusion-builder-row fusion-row fusion-flex-align-items-flex-start fusion-flex-content-wrap\" style=\"max-width:1352px;margin-left: calc(-4% \/ 2 );margin-right: calc(-4% \/ 2 );\"><div class=\"fusion-layout-column fusion_builder_column fusion-builder-column-0 fusion_builder_column_1_1 1_1 fusion-flex-column\" style=\"--awb-bg-size:cover;--awb-width-large:100%;--awb-margin-top-large:0px;--awb-spacing-right-large:1.92%;--awb-margin-bottom-large:0px;--awb-spacing-left-large:1.92%;--awb-width-medium:100%;--awb-spacing-right-medium:1.92%;--awb-spacing-left-medium:1.92%;--awb-width-small:100%;--awb-spacing-right-small:1.92%;--awb-spacing-left-small:1.92%;\"><div class=\"fusion-column-wrapper fusion-flex-justify-content-flex-start fusion-content-layout-column\"><div class=\"fusion-text fusion-text-1\"><p>Siedziba g\u0142\u00f3wna Suzhou Phase II oraz centrum badawczo-rozwojowe SW Asia zosta\u0142y zainaugurowane uroczyst\u0105 ceremoni\u0105.<\/p>\n<p>Pan Pieronczyk i dr Rieser uzupe\u0142niaj\u0105 nasz zesp\u00f3\u0142 zarz\u0105dzaj\u0105cy w centrali w Niemczech.<\/p>\n<\/div><\/div><\/div><\/div><\/div>\n","protected":false},"excerpt":{"rendered":"<p>Siedziba g\u0142\u00f3wna Suzhou Phase II oraz centrum badawczo-rozwojowe w Azji Po\u0142udniowej zosta\u0142y uroczy\u015bcie zainaugurowane.<br \/>\nPan Pieronczyk i dr Rieser uzupe\u0142niaj\u0105 nasz zesp\u00f3\u0142 zarz\u0105dzaj\u0105cy w siedzibie g\u0142\u00f3wnej w Niemczech.  <\/p>\n","protected":false},"author":33,"featured_media":41860,"comment_status":"open","ping_status":"closed","sticky":false,"template":"","format":"standard","meta":{"_acf_changed":false,"wds_primary_category":0,"footnotes":""},"categories":[605],"tags":[],"class_list":["post-65659","post","type-post","status-publish","format-standard","has-post-thumbnail","hentry","category-historia"],"acf":[],"_links":{"self":[{"href":"https:\/\/sw-machines.com\/pl\/wp-json\/wp\/v2\/posts\/65659","targetHints":{"allow":["GET"]}}],"collection":[{"href":"https:\/\/sw-machines.com\/pl\/wp-json\/wp\/v2\/posts"}],"about":[{"href":"https:\/\/sw-machines.com\/pl\/wp-json\/wp\/v2\/types\/post"}],"replies":[{"embeddable":true,"href":"https:\/\/sw-machines.com\/pl\/wp-json\/wp\/v2\/comments?post=65659"}],"version-history":[{"count":10,"href":"https:\/\/sw-machines.com\/pl\/wp-json\/wp\/v2\/posts\/65659\/revisions"}],"predecessor-version":[{"id":65722,"href":"https:\/\/sw-machines.com\/pl\/wp-json\/wp\/v2\/posts\/65659\/revisions\/65722"}],"wp:featuredmedia":[{"embeddable":true,"href":"https:\/\/sw-machines.com\/pl\/wp-json\/wp\/v2\/media\/41860"}],"wp:attachment":[{"href":"https:\/\/sw-machines.com\/pl\/wp-json\/wp\/v2\/media?parent=65659"}],"wp:term":[{"taxonomy":"category","embeddable":true,"href":"https:\/\/sw-machines.com\/pl\/wp-json\/wp\/v2\/categories?post=65659"},{"taxonomy":"post_tag","embeddable":true,"href":"https:\/\/sw-machines.com\/pl\/wp-json\/wp\/v2\/tags?post=65659"}],"curies":[{"name":"wp","href":"https:\/\/api.w.org\/{rel}","templated":true}]}}